{"id":1664,"date":"2013-09-29T19:29:45","date_gmt":"2013-09-29T17:29:45","guid":{"rendered":"http:\/\/dreamersjourneys.com\/?p=1664"},"modified":"2016-07-08T19:31:28","modified_gmt":"2016-07-08T17:31:28","slug":"tagesausflug-ostschweiz","status":"publish","type":"post","link":"https:\/\/dreamersjourneys.com\/de\/tagesausflug-ostschweiz\/","title":{"rendered":"Tagesausflug Ostschweiz"},"content":{"rendered":"<p>Fr\u00fchmorgens gings es los von Luzern mit dem Voralpenexpress nach Wattwil. Dank meinem Bruder der ein erstklass Billet hat, konnte ich von der Herbstaktion &#8222;Mitfahrbillet&#8220; profitieren. So reisten wir den ganzen Tag f\u00fcr nur 35 Chf in der 1. Klasse in der Ostschweiz herum. <!--more--><\/p>\n<p>Ziel war der oder die S\u00e4ntis. Ob man f\u00fcr den Berg von dem weiblichen oder m\u00e4nnlichen Artikel gebrauch macht hat bei unserer Familie schon zu einigen Diskusionen gef\u00fchrt.<\/p>\n<p>Von Wattwil ging es weiter mit dem Zug nach Nesslau, von da mit dem Bus nach Schw\u00e4galp und von da mit der Seilbahn auf den S\u00e4ntis.<\/p>\n<p>Auf dem S\u00e4ntis durften wir das sch\u00f6ne Wetter mit Ausblick auf 6 L\u00e4nder und die ganzen Alpen geniessen. Beim Wein und Bier assen mein Bruder und ich eine wunderbare ostschweizer Platte. Wir waren das erste, aber garantiert nicht das letzte mal auf diesem wunderbaren Berg bei dem das Alpstein \u00fcberall zu Geltung kommt.<\/p>\n<p>Retourweg ging von Schw\u00e4gealp nach Urn\u00e4sch, Appenzell mit zwischenstopp f\u00fcr eine kleine Stadtbesichtigung und Dessert in St. Gallen nach Luzern.<\/p>\n<p><img loading=\"lazy\" decoding=\"async\" class=\"aligncenter size-large wp-image-1666\" src=\"http:\/\/dreamersjourneys.com\/wp-content\/uploads\/2013\/09\/20130929_110349-1024x768.jpg\" alt=\"20130929_110349\" width=\"640\" height=\"480\" srcset=\"https:\/\/dreamersjourneys.com\/wp-content\/uploads\/2013\/09\/20130929_110349-1024x768.jpg 1024w, https:\/\/dreamersjourneys.com\/wp-content\/uploads\/2013\/09\/20130929_110349-300x225.jpg 300w, https:\/\/dreamersjourneys.com\/wp-content\/uploads\/2013\/09\/20130929_110349-360x270.jpg 360w, https:\/\/dreamersjourneys.com\/wp-content\/uploads\/2013\/09\/20130929_110349.jpg 1600w\" sizes=\"(max-width: 640px) 100vw, 640px\" \/><\/p>\n<p><img loading=\"lazy\" decoding=\"async\" class=\"aligncenter size-large wp-image-1667\" src=\"http:\/\/dreamersjourneys.com\/wp-content\/uploads\/2013\/09\/IMG-20130929-WA0004.jpg\" alt=\"IMG-20130929-WA0004\" width=\"640\" height=\"480\" srcset=\"https:\/\/dreamersjourneys.com\/wp-content\/uploads\/2013\/09\/IMG-20130929-WA0004.jpg 800w, https:\/\/dreamersjourneys.com\/wp-content\/uploads\/2013\/09\/IMG-20130929-WA0004-300x225.jpg 300w, https:\/\/dreamersjourneys.com\/wp-content\/uploads\/2013\/09\/IMG-20130929-WA0004-360x270.jpg 360w\" sizes=\"(max-width: 640px) 100vw, 640px\" \/><\/p>\n<p><img loading=\"lazy\" decoding=\"async\" class=\"aligncenter size-large wp-image-1668\" src=\"http:\/\/dreamersjourneys.com\/wp-content\/uploads\/2013\/09\/IMG-20130929-WA0007.jpg\" alt=\"IMG-20130929-WA0007\" width=\"640\" height=\"426\" srcset=\"https:\/\/dreamersjourneys.com\/wp-content\/uploads\/2013\/09\/IMG-20130929-WA0007.jpg 800w, https:\/\/dreamersjourneys.com\/wp-content\/uploads\/2013\/09\/IMG-20130929-WA0007-300x200.jpg 300w, https:\/\/dreamersjourneys.com\/wp-content\/uploads\/2013\/09\/IMG-20130929-WA0007-406x270.jpg 406w\" sizes=\"(max-width: 640px) 100vw, 640px\" \/><\/p>\n<p><img loading=\"lazy\" decoding=\"async\" class=\"aligncenter size-large wp-image-1669\" src=\"http:\/\/dreamersjourneys.com\/wp-content\/uploads\/2013\/09\/IMG-20130929-WA0014.jpg\" alt=\"IMG-20130929-WA0014\" width=\"640\" height=\"480\" srcset=\"https:\/\/dreamersjourneys.com\/wp-content\/uploads\/2013\/09\/IMG-20130929-WA0014.jpg 800w, https:\/\/dreamersjourneys.com\/wp-content\/uploads\/2013\/09\/IMG-20130929-WA0014-300x225.jpg 300w, https:\/\/dreamersjourneys.com\/wp-content\/uploads\/2013\/09\/IMG-20130929-WA0014-360x270.jpg 360w\" sizes=\"(max-width: 640px) 100vw, 640px\" \/><\/p>\n","protected":false},"excerpt":{"rendered":"<p>Fr\u00fchmorgens gings es los von Luzern mit dem Voralpenexpress nach Wattwil. Dank meinem Bruder der ein erstklass Billet hat, konnte ich von der Herbstaktion &#8222;Mitfahrbillet&#8220; profitieren. So reisten wir den ganzen Tag f\u00fcr nur 35 Chf in der 1. Klasse in der Ostschweiz herum.<\/p>\n","protected":false},"author":1,"featured_media":1667,"comment_status":"open","ping_status":"open","sticky":false,"template":"","format":"standard","meta":{"sfsi_plus_gutenberg_text_before_share":"","sfsi_plus_gutenberg_show_text_before_share":"","sfsi_plus_gutenberg_icon_type":"","sfsi_plus_gutenberg_icon_alignemt":"","sfsi_plus_gutenburg_max_per_row":"","footnotes":""},"categories":[35,14,99],"tags":[106],"translation":{"provider":"WPGlobus","version":"2.12.2","language":"de","enabled_languages":["en","de"],"languages":{"en":{"title":true,"content":true,"excerpt":false},"de":{"title":true,"content":true,"excerpt":false}}},"yoast_head":"<!-- This site is optimized with the Yoast SEO plugin v22.2 - https:\/\/yoast.com\/wordpress\/plugins\/seo\/ -->\n<title>Tagesausflug Ostschweiz - Dreamers Journeys<\/title>\n<meta name=\"robots\" content=\"index, follow, max-snippet:-1, max-image-preview:large, max-video-preview:-1\" \/>\n<link rel=\"canonical\" href=\"https:\/\/dreamersjourneys.com\/de\/tagesausflug-ostschweiz\/\" \/>\n<meta property=\"og:locale\" content=\"de_DE\" \/>\n<meta property=\"og:type\" content=\"article\" \/>\n<meta property=\"og:title\" content=\"Tagesausflug Ostschweiz - Dreamers Journeys\" \/>\n<meta property=\"og:url\" content=\"https:\/\/dreamersjourneys.com\/de\/tagesausflug-ostschweiz\/\" \/>\n<meta property=\"og:site_name\" content=\"Dreamers Journeys\" \/>\n<meta property=\"article:published_time\" content=\"2013-09-29T17:29:45+00:00\" \/>\n<meta property=\"article:modified_time\" content=\"2016-07-08T17:31:28+00:00\" \/>\n<meta property=\"og:image\" content=\"https:\/\/dreamersjourneys.com\/wp-content\/uploads\/2013\/09\/IMG-20130929-WA0004.jpg\" \/>\n\t<meta property=\"og:image:width\" content=\"800\" \/>\n\t<meta property=\"og:image:height\" content=\"600\" \/>\n\t<meta property=\"og:image:type\" content=\"image\/jpeg\" \/>\n<meta name=\"author\" content=\"Mich\u00e8le\" \/>\n<meta name=\"twitter:card\" content=\"summary_large_image\" \/>\n<meta name=\"twitter:label1\" content=\"Verfasst von\" \/>\n\t<meta name=\"twitter:data1\" content=\"Mich\u00e8le\" \/>\n\t<meta name=\"twitter:label2\" content=\"Gesch\u00e4tzte Lesezeit\" \/>\n\t<meta name=\"twitter:data2\" content=\"2\u00a0Minuten\" \/>\n<script type=\"application\/ld+json\" class=\"yoast-schema-graph\">{\"@context\":\"https:\/\/schema.org\",\"@graph\":[{\"@type\":\"WebPage\",\"@id\":\"https:\/\/dreamersjourneys.com\/de\/tagesausflug-ostschweiz\/\",\"url\":\"https:\/\/dreamersjourneys.com\/de\/tagesausflug-ostschweiz\/\",\"name\":\"Tagesausflug Ostschweiz - Dreamers Journeys\",\"isPartOf\":{\"@id\":\"https:\/\/dreamersjourneys.com\/#website\"},\"primaryImageOfPage\":{\"@id\":\"https:\/\/dreamersjourneys.com\/de\/tagesausflug-ostschweiz\/#primaryimage\"},\"image\":{\"@id\":\"https:\/\/dreamersjourneys.com\/de\/tagesausflug-ostschweiz\/#primaryimage\"},\"thumbnailUrl\":\"https:\/\/dreamersjourneys.com\/wp-content\/uploads\/2013\/09\/IMG-20130929-WA0004.jpg\",\"datePublished\":\"2013-09-29T17:29:45+00:00\",\"dateModified\":\"2016-07-08T17:31:28+00:00\",\"author\":{\"@id\":\"https:\/\/dreamersjourneys.com\/#\/schema\/person\/0189efd8d1d05481ff3852feb1fa34de\"},\"breadcrumb\":{\"@id\":\"https:\/\/dreamersjourneys.com\/de\/tagesausflug-ostschweiz\/#breadcrumb\"},\"inLanguage\":\"de\",\"potentialAction\":[{\"@type\":\"ReadAction\",\"target\":[\"https:\/\/dreamersjourneys.com\/de\/tagesausflug-ostschweiz\/\"]}]},{\"@type\":\"ImageObject\",\"inLanguage\":\"de\",\"@id\":\"https:\/\/dreamersjourneys.com\/de\/tagesausflug-ostschweiz\/#primaryimage\",\"url\":\"https:\/\/dreamersjourneys.com\/wp-content\/uploads\/2013\/09\/IMG-20130929-WA0004.jpg\",\"contentUrl\":\"https:\/\/dreamersjourneys.com\/wp-content\/uploads\/2013\/09\/IMG-20130929-WA0004.jpg\",\"width\":800,\"height\":600},{\"@type\":\"BreadcrumbList\",\"@id\":\"https:\/\/dreamersjourneys.com\/de\/tagesausflug-ostschweiz\/#breadcrumb\",\"itemListElement\":[{\"@type\":\"ListItem\",\"position\":1,\"name\":\"Startseite\",\"item\":\"https:\/\/dreamersjourneys.com\/\"},{\"@type\":\"ListItem\",\"position\":2,\"name\":\"Tagesausflug Ostschweiz\"}]},{\"@type\":\"WebSite\",\"@id\":\"https:\/\/dreamersjourneys.com\/#website\",\"url\":\"https:\/\/dreamersjourneys.com\/\",\"name\":\"Dreamers Journeys\",\"description\":\"Reise- und Erlebnisse\",\"potentialAction\":[{\"@type\":\"SearchAction\",\"target\":{\"@type\":\"EntryPoint\",\"urlTemplate\":\"https:\/\/dreamersjourneys.com\/?s={search_term_string}\"},\"query-input\":\"required name=search_term_string\"}],\"inLanguage\":\"de\"},{\"@type\":\"Person\",\"@id\":\"https:\/\/dreamersjourneys.com\/#\/schema\/person\/0189efd8d1d05481ff3852feb1fa34de\",\"name\":\"Mich\u00e8le\",\"image\":{\"@type\":\"ImageObject\",\"inLanguage\":\"de\",\"@id\":\"https:\/\/dreamersjourneys.com\/#\/schema\/person\/image\/\",\"url\":\"https:\/\/secure.gravatar.com\/avatar\/0cb9b06920f45e090b14c9468581db06?s=96&d=mm&r=g\",\"contentUrl\":\"https:\/\/secure.gravatar.com\/avatar\/0cb9b06920f45e090b14c9468581db06?s=96&d=mm&r=g\",\"caption\":\"Mich\u00e8le\"},\"url\":\"https:\/\/dreamersjourneys.com\/de\/author\/miinfanger_7slxj610\/\"}]}<\/script>\n<!-- \/ Yoast SEO plugin. -->","yoast_head_json":{"title":"Tagesausflug Ostschweiz - Dreamers Journeys","robots":{"index":"index","follow":"follow","max-snippet":"max-snippet:-1","max-image-preview":"max-image-preview:large","max-video-preview":"max-video-preview:-1"},"canonical":"https:\/\/dreamersjourneys.com\/de\/tagesausflug-ostschweiz\/","og_locale":"de_DE","og_type":"article","og_title":"Tagesausflug Ostschweiz - Dreamers Journeys","og_url":"https:\/\/dreamersjourneys.com\/de\/tagesausflug-ostschweiz\/","og_site_name":"Dreamers Journeys","article_published_time":"2013-09-29T17:29:45+00:00","article_modified_time":"2016-07-08T17:31:28+00:00","og_image":[{"width":800,"height":600,"url":"https:\/\/dreamersjourneys.com\/wp-content\/uploads\/2013\/09\/IMG-20130929-WA0004.jpg","type":"image\/jpeg"}],"author":"Mich\u00e8le","twitter_card":"summary_large_image","twitter_misc":{"Verfasst von":"Mich\u00e8le","Gesch\u00e4tzte Lesezeit":"2\u00a0Minuten"},"schema":{"@context":"https:\/\/schema.org","@graph":[{"@type":"WebPage","@id":"https:\/\/dreamersjourneys.com\/de\/tagesausflug-ostschweiz\/","url":"https:\/\/dreamersjourneys.com\/de\/tagesausflug-ostschweiz\/","name":"Tagesausflug Ostschweiz - Dreamers Journeys","isPartOf":{"@id":"https:\/\/dreamersjourneys.com\/#website"},"primaryImageOfPage":{"@id":"https:\/\/dreamersjourneys.com\/de\/tagesausflug-ostschweiz\/#primaryimage"},"image":{"@id":"https:\/\/dreamersjourneys.com\/de\/tagesausflug-ostschweiz\/#primaryimage"},"thumbnailUrl":"https:\/\/dreamersjourneys.com\/wp-content\/uploads\/2013\/09\/IMG-20130929-WA0004.jpg","datePublished":"2013-09-29T17:29:45+00:00","dateModified":"2016-07-08T17:31:28+00:00","author":{"@id":"https:\/\/dreamersjourneys.com\/#\/schema\/person\/0189efd8d1d05481ff3852feb1fa34de"},"breadcrumb":{"@id":"https:\/\/dreamersjourneys.com\/de\/tagesausflug-ostschweiz\/#breadcrumb"},"inLanguage":"de","potentialAction":[{"@type":"ReadAction","target":["https:\/\/dreamersjourneys.com\/de\/tagesausflug-ostschweiz\/"]}]},{"@type":"ImageObject","inLanguage":"de","@id":"https:\/\/dreamersjourneys.com\/de\/tagesausflug-ostschweiz\/#primaryimage","url":"https:\/\/dreamersjourneys.com\/wp-content\/uploads\/2013\/09\/IMG-20130929-WA0004.jpg","contentUrl":"https:\/\/dreamersjourneys.com\/wp-content\/uploads\/2013\/09\/IMG-20130929-WA0004.jpg","width":800,"height":600},{"@type":"BreadcrumbList","@id":"https:\/\/dreamersjourneys.com\/de\/tagesausflug-ostschweiz\/#breadcrumb","itemListElement":[{"@type":"ListItem","position":1,"name":"Startseite","item":"https:\/\/dreamersjourneys.com\/"},{"@type":"ListItem","position":2,"name":"Tagesausflug Ostschweiz"}]},{"@type":"WebSite","@id":"https:\/\/dreamersjourneys.com\/#website","url":"https:\/\/dreamersjourneys.com\/","name":"Dreamers Journeys","description":"Reise- und Erlebnisse","potentialAction":[{"@type":"SearchAction","target":{"@type":"EntryPoint","urlTemplate":"https:\/\/dreamersjourneys.com\/?s={search_term_string}"},"query-input":"required name=search_term_string"}],"inLanguage":"de"},{"@type":"Person","@id":"https:\/\/dreamersjourneys.com\/#\/schema\/person\/0189efd8d1d05481ff3852feb1fa34de","name":"Mich\u00e8le","image":{"@type":"ImageObject","inLanguage":"de","@id":"https:\/\/dreamersjourneys.com\/#\/schema\/person\/image\/","url":"https:\/\/secure.gravatar.com\/avatar\/0cb9b06920f45e090b14c9468581db06?s=96&d=mm&r=g","contentUrl":"https:\/\/secure.gravatar.com\/avatar\/0cb9b06920f45e090b14c9468581db06?s=96&d=mm&r=g","caption":"Mich\u00e8le"},"url":"https:\/\/dreamersjourneys.com\/de\/author\/miinfanger_7slxj610\/"}]}},"_links":{"self":[{"href":"https:\/\/dreamersjourneys.com\/de\/wp-json\/wp\/v2\/posts\/1664"}],"collection":[{"href":"https:\/\/dreamersjourneys.com\/de\/wp-json\/wp\/v2\/posts"}],"about":[{"href":"https:\/\/dreamersjourneys.com\/de\/wp-json\/wp\/v2\/types\/post"}],"author":[{"embeddable":true,"href":"https:\/\/dreamersjourneys.com\/de\/wp-json\/wp\/v2\/users\/1"}],"replies":[{"embeddable":true,"href":"https:\/\/dreamersjourneys.com\/de\/wp-json\/wp\/v2\/comments?post=1664"}],"version-history":[{"count":3,"href":"https:\/\/dreamersjourneys.com\/de\/wp-json\/wp\/v2\/posts\/1664\/revisions"}],"predecessor-version":[{"id":1671,"href":"https:\/\/dreamersjourneys.com\/de\/wp-json\/wp\/v2\/posts\/1664\/revisions\/1671"}],"wp:featuredmedia":[{"embeddable":true,"href":"https:\/\/dreamersjourneys.com\/de\/wp-json\/wp\/v2\/media\/1667"}],"wp:attachment":[{"href":"https:\/\/dreamersjourneys.com\/de\/wp-json\/wp\/v2\/media?parent=1664"}],"wp:term":[{"taxonomy":"category","embeddable":true,"href":"https:\/\/dreamersjourneys.com\/de\/wp-json\/wp\/v2\/categories?post=1664"},{"taxonomy":"post_tag","embeddable":true,"href":"https:\/\/dreamersjourneys.com\/de\/wp-json\/wp\/v2\/tags?post=1664"}],"curies":[{"name":"wp","href":"https:\/\/api.w.org\/{rel}","templated":true}]}}